{"id":41,"date":"2015-11-08T13:21:31","date_gmt":"2015-11-08T11:21:31","guid":{"rendered":"http:\/\/ahnekdoten.de\/?p=41"},"modified":"2015-11-08T13:21:31","modified_gmt":"2015-11-08T11:21:31","slug":"braunschwieger-cathol","status":"publish","type":"post","link":"http:\/\/ahnekdoten.de\/?p=41","title":{"rendered":"Braunschwieger Cathol?"},"content":{"rendered":"<p>Im Jahre 1651 heiratet mein Vorfahr Dietrich Derwordt (bzw. &#8222;Der Wordt&#8220;) in Schleid\/Rh\u00f6n die Margarethe Studt. Eine rein katholische Gegend. Bis dahin nichts besonderes.<\/p>\n<p>Allerdings machte folgendes mich von vornherein stutzig: beim Heiratseintrag wird er als &#8222;braunschwieger Cathol.&#8220; deklariert.<\/p>\n<p><a href=\"http:\/\/ahnekdoten.de\/wp-content\/uploads\/2015\/11\/Schleid_Derwordt_Tr_1651_Auszug.jpg\"><img loading=\"lazy\" class=\"alignnone  wp-image-42\" src=\"http:\/\/ahnekdoten.de\/wp-content\/uploads\/2015\/11\/Schleid_Derwordt_Tr_1651_Auszug-300x32.jpg\" alt=\"Schleid_Derwordt_Tr_1651_Auszug\" width=\"394\" height=\"42\" srcset=\"http:\/\/ahnekdoten.de\/wp-content\/uploads\/2015\/11\/Schleid_Derwordt_Tr_1651_Auszug-300x32.jpg 300w, http:\/\/ahnekdoten.de\/wp-content\/uploads\/2015\/11\/Schleid_Derwordt_Tr_1651_Auszug.jpg 644w\" sizes=\"(max-width: 394px) 100vw, 394px\" \/><\/a><\/p>\n<p>Wenn man sich nun vergegenw\u00e4rtigt, da\u00df Braunschweig incl. Umgebung zu dieser Zeit definitiv nicht katholisch war und es eigentlich auch keine katholischen Enklaven in oder um Braunschweig gab, beginnt man zu zweifeln.<br \/>\nDie Wahrscheinlichkeit, da\u00df Dietrich aus Braunschweig stammt, schrumpft zudem mit seinem Namen.Unter Ber\u00fccksichtigung der lokalen Aussprache (mit &#8222;<em>hartem D<\/em>&#8222;) wird er wohl eigentlich &#8222;Terwordt&#8220; oder &#8222;Ter Woordt&#8220; gehei\u00dfen haben. Die Tatsache, da\u00df es die Namensform mit anlautendem D eigentlich au\u00dferhalb des fr\u00e4nkisch-s\u00fcdth\u00fcringischen Sprachraums nirgendwo gibt, spricht daf\u00fcr, da\u00df es eine lokale Verballhornung ist.<\/p>\n<p>Die Namensform mit anlautendem T ist hingegen recht verbreitet, besonders im <em>katholischen<\/em> westlichen M\u00fcnsterland (heute Bocholt und Umgebung).<\/p>\n<p>Woher kam also Dietrich wirklich? Kam er vielleicht \u00fcber Braunschweig? War er im Krieg dorthin gelangt? Oder war das alles nur ein Irrtum des Pfarrers? Oder hat gar Dietrich mit Absicht seine Herkunft verschleiert? Stammt er vielleicht aus einem Flecken namens &#8222;Brunswick&#8220;, der heute w\u00fcst liegt?<\/p>\n<p>Theorien \u00fcber Theorien&#8230; Wer mag, kann gerne weitere beisteuern.<\/p>\n<p>&nbsp;<\/p>\n","protected":false},"excerpt":{"rendered":"<p>Im Jahre 1651 heiratet mein Vorfahr Dietrich Derwordt (bzw. &#8222;Der Wordt&#8220;) in Schleid\/Rh\u00f6n die Margarethe Studt. Eine rein katholische Gegend. Bis dahin nichts besonderes. Allerdings machte folgendes mich von vornherein stutzig: beim Heiratseintrag wird er als &#8222;braunschwieger Cathol.&#8220; deklariert. Wenn man sich nun vergegenw\u00e4rtigt, da\u00df Braunschweig incl. Umgebung zu dieser Zeit definitiv nicht katholisch war [&hellip;]<\/p>\n","protected":false},"author":1,"featured_media":0,"comment_status":"open","ping_status":"open","sticky":false,"template":"","format":"standard","meta":[],"categories":[2],"tags":[29,31,30],"_links":{"self":[{"href":"http:\/\/ahnekdoten.de\/index.php?rest_route=\/wp\/v2\/posts\/41"}],"collection":[{"href":"http:\/\/ahnekdoten.de\/index.php?rest_route=\/wp\/v2\/posts"}],"about":[{"href":"http:\/\/ahnekdoten.de\/index.php?rest_route=\/wp\/v2\/types\/post"}],"author":[{"embeddable":true,"href":"http:\/\/ahnekdoten.de\/index.php?rest_route=\/wp\/v2\/users\/1"}],"replies":[{"embeddable":true,"href":"http:\/\/ahnekdoten.de\/index.php?rest_route=%2Fwp%2Fv2%2Fcomments&post=41"}],"version-history":[{"count":1,"href":"http:\/\/ahnekdoten.de\/index.php?rest_route=\/wp\/v2\/posts\/41\/revisions"}],"predecessor-version":[{"id":43,"href":"http:\/\/ahnekdoten.de\/index.php?rest_route=\/wp\/v2\/posts\/41\/revisions\/43"}],"wp:attachment":[{"href":"http:\/\/ahnekdoten.de\/index.php?rest_route=%2Fwp%2Fv2%2Fmedia&parent=41"}],"wp:term":[{"taxonomy":"category","embeddable":true,"href":"http:\/\/ahnekdoten.de\/index.php?rest_route=%2Fwp%2Fv2%2Fcategories&post=41"},{"taxonomy":"post_tag","embeddable":true,"href":"http:\/\/ahnekdoten.de\/index.php?rest_route=%2Fwp%2Fv2%2Ftags&post=41"}],"curies":[{"name":"wp","href":"https:\/\/api.w.org\/{rel}","templated":true}]}}