{"id":55,"date":"2016-04-18T19:34:07","date_gmt":"2016-04-18T17:34:07","guid":{"rendered":"http:\/\/ahnekdoten.de\/?p=55"},"modified":"2016-04-25T18:20:37","modified_gmt":"2016-04-25T16:20:37","slug":"aufstand-in-mainz","status":"publish","type":"post","link":"http:\/\/ahnekdoten.de\/?p=55","title":{"rendered":"Aufstand in Mainz"},"content":{"rendered":"<p>In einer Akte fand ich vor kurzem ein Schreiben eines Bruders meines Vorfahren Emmerich. Dieser nannte sich Friedrich Brandenburger und war B\u00fcrger in Mainz. Daraufhin begab ich mich auf die Suche, ob ich eventuell mehr \u00fcber diesen Friedrich herausfinden k\u00f6nnte.<\/p>\n<p>Ich staunte nicht schlecht, als ich erfuhr, da\u00df ein Friedrich Brandenburger kurze Zeit sp\u00e4ter in Mainz ma\u00dfgeblich an den Aufst\u00e4nden im Rahmen der Bauernkriege beteiligt war.<\/p>\n<blockquote><p><em>Am 26. April [1525] morgens 5 Uhr wurde die ganze B\u00fcrgerschaft, &#8222;auch doctores und procuratores&#8220;, aber nicht die Geistlichkeit, durch Trompeter zusammengerufen. Alle scheinen sich dann auf dem Dietmarkt mit den zuvor von dem Holzfl\u00f6\u00dfer <strong>Friedrich Brandenburger<\/strong>, dem Balbierer Hans von Kandel, dem Maler J\u00f6rg Dresseler, dem Schneider Hans Mieger und dem eben genannten Fladenbecker ausgearbeiteten [30] &#8222;Artikeln&#8220; einverstanden erkl\u00e4rt zu haben. <\/em><\/p>\n<p>(aus: Anton Philipp Br\u00fcck: Geschichte der Stadt Mainz, Band 5, D\u00fcsseldorf 1972)<\/p><\/blockquote>\n<p>Diese 30 Artikel enthielten diverse Forderungen zur Verbesserung der Lebenssituation der b\u00fcrgerlichen und b\u00e4uerlichen Bev\u00f6lkerung, und sie waren eine Erweiterung der sogenannten Artikel von Memmingen, in denen so grundlegende Dinge wie die Abschaffung der Leibeigenschaft, Reduzierung von Frondiensten, Beendigung der Willk\u00fcr in der Rechtsprechung gefordert wurden.<\/p>\n<p>Leider wei\u00df ich (noch) nicht, was aus Friedrich geworden ist. Einige der Aufst\u00e4ndigen wurden hingerichtet, andere ins Gef\u00e4ngnis geworfen. Sicherlich wird er aber nicht &#8222;ungeschoren&#8220; davongekommen sein.<\/p>\n<p>Die Zeit war noch nicht reif f\u00fcr Demokratie und Menschenrechte. Alleine die Abschaffung der Leibeigenschaft sollte noch fast 3 Jahrhunderte auf sich warten lassen.<\/p>\n","protected":false},"excerpt":{"rendered":"<p>In einer Akte fand ich vor kurzem ein Schreiben eines Bruders meines Vorfahren Emmerich. Dieser nannte sich Friedrich Brandenburger und war B\u00fcrger in Mainz. Daraufhin begab ich mich auf die Suche, ob ich eventuell mehr \u00fcber diesen Friedrich herausfinden k\u00f6nnte. Ich staunte nicht schlecht, als ich erfuhr, da\u00df ein Friedrich Brandenburger kurze Zeit sp\u00e4ter in [&hellip;]<\/p>\n","protected":false},"author":1,"featured_media":0,"comment_status":"open","ping_status":"open","sticky":false,"template":"","format":"standard","meta":[],"categories":[37],"tags":[14,43],"_links":{"self":[{"href":"http:\/\/ahnekdoten.de\/index.php?rest_route=\/wp\/v2\/posts\/55"}],"collection":[{"href":"http:\/\/ahnekdoten.de\/index.php?rest_route=\/wp\/v2\/posts"}],"about":[{"href":"http:\/\/ahnekdoten.de\/index.php?rest_route=\/wp\/v2\/types\/post"}],"author":[{"embeddable":true,"href":"http:\/\/ahnekdoten.de\/index.php?rest_route=\/wp\/v2\/users\/1"}],"replies":[{"embeddable":true,"href":"http:\/\/ahnekdoten.de\/index.php?rest_route=%2Fwp%2Fv2%2Fcomments&post=55"}],"version-history":[{"count":3,"href":"http:\/\/ahnekdoten.de\/index.php?rest_route=\/wp\/v2\/posts\/55\/revisions"}],"predecessor-version":[{"id":58,"href":"http:\/\/ahnekdoten.de\/index.php?rest_route=\/wp\/v2\/posts\/55\/revisions\/58"}],"wp:attachment":[{"href":"http:\/\/ahnekdoten.de\/index.php?rest_route=%2Fwp%2Fv2%2Fmedia&parent=55"}],"wp:term":[{"taxonomy":"category","embeddable":true,"href":"http:\/\/ahnekdoten.de\/index.php?rest_route=%2Fwp%2Fv2%2Fcategories&post=55"},{"taxonomy":"post_tag","embeddable":true,"href":"http:\/\/ahnekdoten.de\/index.php?rest_route=%2Fwp%2Fv2%2Ftags&post=55"}],"curies":[{"name":"wp","href":"https:\/\/api.w.org\/{rel}","templated":true}]}}